{"id":109,"date":"2026-04-21T10:12:19","date_gmt":"2026-04-21T08:12:19","guid":{"rendered":"http:\/\/peterhain.info\/?p=109"},"modified":"2026-04-21T10:12:19","modified_gmt":"2026-04-21T08:12:19","slug":"aktuell-zu-meinem-buch","status":"publish","type":"post","link":"https:\/\/peterhain.info\/?p=109","title":{"rendered":""},"content":{"rendered":"\n<p><\/p>\n\n\n\n<p style=\"font-size:30px\"><em>F\u00fcr alle, die vorangehen.<br>Und die, die sich was trauen.<\/em><\/p>\n\n\n\n<p style=\"font-size:22px\">Motto der <em>JUNGEN FREIHEIT,<\/em> Wochenzeitung f\u00fcr Debatte (jungefreiheit.de)<\/p>\n\n\n\n<div style=\"height:100px\" aria-hidden=\"true\" class=\"wp-block-spacer\"><\/div>\n\n\n\n<figure class=\"wp-block-image size-full is-resized\"><img loading=\"lazy\" decoding=\"async\" width=\"389\" height=\"591\" src=\"http:\/\/peterhain.info\/wp-content\/uploads\/2024\/05\/SommerwindZomeroweb.jpg\" alt=\"\" class=\"wp-image-1029\" style=\"width:382px;height:auto\" srcset=\"https:\/\/peterhain.info\/wp-content\/uploads\/2024\/05\/SommerwindZomeroweb.jpg 389w, https:\/\/peterhain.info\/wp-content\/uploads\/2024\/05\/SommerwindZomeroweb-197x300.jpg 197w\" sizes=\"(max-width: 389px) 100vw, 389px\" \/><\/figure>\n\n\n\n<p><em><strong>Sommerwind<\/strong> von Mundmaler Roberto Zomero. <\/em><br><em>Mund- und Fu\u00dfmalende K\u00fcnstler Verlag mfk-verlag.de<\/em><\/p>\n\n\n\n<p><\/p>\n\n\n\n<p class=\"has-large-font-size\"><strong>Farbspiel<\/strong><\/p>\n\n\n\n<p style=\"font-size:20px\"><strong>Rot ist die Liebe, bunt die Hoffnung,<br>blau der Himmel und gr\u00fcn der Wald.<br>Weiss ist die Unschuld, gelb ist der Neid,<br>schwarz die Justiz und<br>nachts die Katzen sind grau.<br>Und tschitscheringgr\u00fcn mit Donnerwetter<br>kariert: der Schlager der n\u00e4chsten Saison.<\/strong><\/p>\n\n\n\n<p>(Wolfgang Bittner, Lyrikedition \u201eUnter der Asche die Glut\u201c, Allitera Verlag )<\/p>\n\n\n\n<div style=\"height:100px\" aria-hidden=\"true\" class=\"wp-block-spacer\"><\/div>\n\n\n\n<figure class=\"wp-block-image size-full is-resized\"><img loading=\"lazy\" decoding=\"async\" width=\"387\" height=\"591\" src=\"https:\/\/peterhain.info\/wp-content\/uploads\/2026\/02\/Kolbenschlag-Cover-Gedichte-web.gif\" alt=\"\" class=\"wp-image-1244\" style=\"width:340px;height:auto\"\/><\/figure>\n\n\n\n<p><strong><em>Gedichte \u00fcber das Leben: Aus der Seele in die Welt. Und zur\u00fcck. Verlag: BdD \u2013 Books on Demand, 76 Seiten, 6,99 Euro, ISBN 9783695 745609. Das Coverbild \u201eArt Seelenrast\u201c malte Julia Alexandra L\u00f6wenberg<\/em><\/strong><\/p>\n\n\n\n<div style=\"height:40px\" aria-hidden=\"true\" class=\"wp-block-spacer\"><\/div>\n\n\n\n<p class=\"has-large-font-size\"><strong>Auch in Wehmut<br>steckt noch Hoffnung<\/strong><\/p>\n\n\n\n<p style=\"font-size:25px\"><strong>Christian Alois Kolbenschlags neuer Gedichtband \u201eAus der Seele in die Welt. Und zur\u00fcck\u201c ist von Melancholie und Weltenschmerz gepr\u00e4gt<\/strong><\/p>\n\n\n\n<p>\u201eWohin geht man, wenn man seinen Weg verlassen hat? Einen Umweg, einen Irrweg?\u201c, fragt <strong>Christian Alois Kolbenschlag<\/strong> und gibt gleich die Antwort: \u201eNein, einen neuen Weg. Den es zu erkunden gilt.\u201c Der geb\u00fcrtige Pf\u00e4lzer, Jahrgang 1969, Dr. med., Arzt, gilt als Gesellschaftskritiker, schmiedet Verse \u00fcber die Abgr\u00fcnde des Menschseins und den Sinn allen Seins. \u201eMeine Gedichte sind der Welt da drau\u00dfen und der Welt da drinnen gewidmet\u201c, betont der Poet. Dichtkunst bedeutet f\u00fcr ihn Meinungsfreiheit und Wahrhaftigkeit. &nbsp;<\/p>\n\n\n\n<p>Das ist auch das Thema in seinem neuen Gedichtband \u201eAus der Seele in die Welt. Und zur\u00fcck\u201c, da lauten die Verstitel \u201eTotalitarismus\u201c, \u201eSchn\u00fcrzelwelt\u201c oder \u201ePolitische Sinnhaftigkeit\u201c. Und dazu passt auch sein Poem \u201eGaukelei\u201c: <em>\u201eEin Leben lang gaukelte mir Welt wortreich Wahrhaftigkeit vor \/ Und ich stand mit wahrhaft wortlos weit ge\u00f6ffnetem Mund erstaunt davor \/ Zum Ende meines Lebens erkenne ich wortlos, dass das wahrhaftig weit Wortreiche die Gaukelei selbst ist\u201c.<\/em><\/p>\n\n\n\n<p>In seinem neuen Werk kn\u00fcpft Kolbenschlag an seine vorangegangenen Lyrikb\u00fccher an, die alle von Melancholie und Weltenschmerz gepr\u00e4gt sind. Bemerkenswert die Gedichtb\u00e4nde \u201eZerrspiegel\u201c, \u201eLebensfuge\u201c, \u201eRequiem f\u00fcr einen Rhythmus\u201c oder \u201eSoul Eruption\u201c. In unsere Zeit passt auch sein Gedichtband \u201eIn and out of Rotary. Insideout-G.Dichte der Depression\u201c (2025): <em>\u201eHass und Wut brennen wie Feuer \/ ungeheuerlich rot wie Glut \/ Doch das schafft Mut \/ Und die fremde Macht, die zuvor gedacht mich zu steuern \/ nun in des Hasses Feuer sp\u00fcrt, wie sie sich selbst verliert\u201c. &nbsp;<\/em><\/p>\n\n\n\n<p>Der dichtende Mediziner mit Praxis in Velen bei M\u00fcnster (NRW) beschreibt den schicksalshaften Lauf der Zeit in unserem Land, in dem die Menschen zwar versuchen zu gestalten, sich zu behaupten, doch l\u00e4ngst nicht mehr alles bestimmen k\u00f6nnen.<\/p>\n\n\n\n<p><strong>Da kommt viel Wehmut r\u00fcber, in der aber auch Hoffnung steckt, sogar Mut und Tapferkeit. Das beweisen im neuen Buch seine Verse \u201eSong of Freedom\u201c, \u201eSehnsucht\u201c und \u201eFighter\u201c. Und Kraft gibt auch die wahre Liebe, das innige Gl\u00fcck der Zweisamkeit. Es sind Verse wie \u201eLiebestraum\u201c, \u201eSonne im Herzen\u201c oder \u201eSehnsucht\u201c, die tr\u00f6sten und st\u00e4rken. Ja, auch in Wehmut steckt Hoffnung und Gl\u00fcck, davon zeigt sein neuer Vers \u201eMit Dir\u201c: <em>\u201eZusammen mit Dir lebe ich gerne \/ Zusammen mit Dir schau ich die Sterne \/ Zusammen mit Dir schau ich hinein in unser Seelenf\u00fcnklein \/ Zusammen mit Dir bin ich wie ich bin \/ Das gibt meinem Leben einen tieferen Sinn \/ Zusammen mit Dir m\u00f6chte ich sein tief in unser Gl\u00fcck hinein\u201c.<\/em><\/strong><\/p>\n\n\n\n<div style=\"height:100px\" aria-hidden=\"true\" class=\"wp-block-spacer\"><\/div>\n\n\n\n<figure class=\"wp-block-image size-full is-resized\"><img loading=\"lazy\" decoding=\"async\" width=\"399\" height=\"591\" src=\"https:\/\/peterhain.info\/wp-content\/uploads\/2025\/11\/wiener-Sprachblaetter-nov-2025-1.gif\" alt=\"\" class=\"wp-image-1216\" style=\"width:359px;height:auto\"\/><\/figure>\n\n\n\n<p><em><strong>Wiener Sprachbl\u00e4tter, Einzelpreis 8 Euro, 48 Seiten, viele Abbildungen, ISSN: 1018-4570, <\/strong><\/em><a href=\"http:\/\/www.wiener-sprachbl\u00e4tter.at\"><strong><em>www.wiener-sprachbl\u00e4tter.at<\/em><\/strong><\/a><em><strong>. Man kann auch &#8211; wie ich &#8211;  im Verein \u201eMutterprache\u201c Mitglied werden<\/strong><\/em><\/p>\n\n\n\n<p class=\"has-large-font-size\"><em>Wiener Sprachbl\u00e4tter<\/em><br><em>Vierteljahresschrift f\u00fcr Sprachkultur<\/em><\/p>\n\n\n\n<p style=\"font-size:44px\"><strong>Deutschstunde<\/strong><br><strong>&#8222;In der Wahrheit leben<\/strong>!&#8220; <\/p>\n\n\n\n<p>Aufmacher der aktuellen<strong> \u201eWiener Sprachbl\u00e4tter\u201c <\/strong>ist <strong>V\u00e1clav Havel <\/strong>(1936 \u2013 2011) &#8211; vom Dichter und Dissidenten zum Pr\u00e4sidenten der Tschechischen Republik. Er verstand das Wort nicht nur als literarisches, sondern auch als ethisches Instrument. In seinem Essay \u201eVersuch, in der Wahrheit zu leben\u201c vertritt Havel die Idee, dass Wahrheit und Sprache eine gemeinsame politische Kraft besitzen. Sein Argument: Wer ehrlich spricht, widersetzt sich einem System, das auf L\u00fcge, Anpassung und Sprachverdrehung beruht: \u201eLeben in der Wahrheit ist das Verhalten des Menschen im Einklang mit seiner W\u00fcrde und seinem Gewissen.\u201c Mit bewundernswertem Mut k\u00e4mpfte Havel f\u00fcr Freiheit und Wahrhaftigkeit, er warnte eindringlich vor der Arroganz der Sprachver\u00e4nderer. Literaturempfehlung: \u201eV\u00e1clav Havel \u2013 In der Wahrheit leben\u201c, eine Biografie \u00fcber den Dichter und Politiker. Propyl\u00e4en Verlag, 680 Seiten, 26,70 Euro.<\/p>\n\n\n\n<p>Die neue Ausgabe befasst sich unter anderem mit der Sch\u00f6nheit der deutschen Sprache, dem Gender-Irrsinn, wie man im Alter Gelassenheit schafft, Goethes \u201eFaust\u201c verschwindet aus dem Unterricht, dem Dichter Jean Paul und der Vegan-Ente.<\/p>\n\n\n\n<p><strong>Die Wiener Sprachbl\u00e4tter wendet sich an alle, die sich f\u00fcr die deutsche Sprache in Geschichte und Gegenwart interessieren. Deutsch soll als vollwertige Kultursprache erhalten bleiben.<\/strong><\/p>\n\n\n\n<p><\/p>\n\n\n\n<p><\/p>\n\n\n\n<div style=\"height:100px\" aria-hidden=\"true\" class=\"wp-block-spacer\"><\/div>\n\n\n\n<figure class=\"wp-block-image size-full is-resized\"><img loading=\"lazy\" decoding=\"async\" width=\"379\" height=\"591\" src=\"https:\/\/peterhain.info\/wp-content\/uploads\/2024\/08\/Moralspektakel-web.gif\" alt=\"\" class=\"wp-image-1080\" style=\"width:339px;height:auto\"\/><\/figure>\n\n\n\n<p><strong><em>Moralspektakel. Wie die richtige Haltung zum Statussymbol wurde und warum das die Welt nicht besser macht. Siedler Verlag, 336 S., 26 Euro, ISBN: 978-3-8275-0156-1<\/em><\/strong><\/p>\n\n\n\n<p><\/p>\n\n\n\n<p class=\"has-large-font-size\"><strong>Wir wollen die besseren Menschen sein<\/strong><\/p>\n\n\n\n<p>\u201eF\u00fcr die Menschen in der westlichen Hemisph\u00e4re ist das \u201aZeitalter des Moralspektakels\u2018 angebrochen\u201c, schreibt der Philosoph Philipp H\u00fcbl. Der Autor h\u00e4lt der neuen digitalen \u00d6ffentlichkeit den Spiegel vor und kritisiert, dass es ihr nicht um die Sache gehe, sondern um pure Selbstdarstellung. Motto: Wir sind die guten und besseren Menschen! H\u00fcbl meint, dass es auch um soziale Funktionen, um Statussymbole und Gruppenzugeh\u00f6rigkeit gehe \u2013 aber vor allem um Macht und Einfluss. Wenn man politisch gegen Andersdenkende keine Argumente mehr hat, kommt die Moral. Sie wird wie eine Monstranz vor sich hergetragen. Der Buchtitel k\u00f6nnte auch \u201eScheinmoral\u201c oder \u201eDoppelmoral&#8220; hei\u00dfen.<\/p>\n\n\n\n<p>Dieses Moralspektakel ist auch eine Einsch\u00fcchterungskultur. Mit Beispielen belegt H\u00fcbl, wie das funktioniert. Seine These: Statusspiel + digitale Medien = Moralspektakel. Vor allem h\u00f6her gebildete Menschen argumentieren gern moralisch. H\u00fcbl nennt sie die \u201ekreative Klasse\u201c, die ihre politische Haltung st\u00e4rker als andere moralisch aufl\u00e4dt. Insbesondere Intellektuelle neigen dazu, Fakten zu ignorieren, sobald sie ihrem Weltbild widersprechen. In der zweiten H\u00e4lfte seines Buches analysiert der Autor die negativen Seiten des Ph\u00e4nomens: \u201eIm hohen Ton \u00fcber Moral\u201c zu reden anstatt \u201esoziale Konflikte zu l\u00f6sen\u201c. Selbst das Regierungsblatt \u201eDas Parlament\u201c lobte das Werk in einer Rezension.<\/p>\n\n\n\n<div style=\"height:25px\" aria-hidden=\"true\" class=\"wp-block-spacer\"><\/div>\n\n\n\n<p class=\"has-large-font-size\"><strong><em>Meinung<\/em><\/strong><\/p>\n\n\n\n<p style=\"font-size:30px\"><strong><em>\u201eDas Elend der Moral ist, dass sie immer alles besser wei\u00df und darum nichts erf\u00e4hrt\u201c<\/em><\/strong><\/p>\n\n\n\n<p>Ja, diese rigorose \u00dcber-Moral ist merkw\u00fcrdig. In meinem Buch <strong>\u201eDie AfD-Story \u2013 St\u00f6rfall oder Erfolgsmodell\u201c<\/strong> (2019, ISBN 978-3-00-062373-8) zitierte ich Friedrich Theodor Vischer, den liberalen Publizisten des 19. Jahrhunderts. \u201eDas Moralische versteht sich immer von selbst\u201c, meinte Vischer. Er wollte damit sagen, dass Leute, die ihre politischen Ansichten auf Moral gr\u00fcnden, einfach zu viele kleine, triviale Br\u00f6tchen backen. Und von Elias Canetti (\u201eMassen und Macht\u201c) stammt: \u201eDas Elend der Moral ist, dass sie immer alles besser wei\u00df und darum nichts erf\u00e4hrt.\u201c<\/p>\n\n\n\n<p>In zahlreichen Artikeln zeigt sich heute sehr deutlich: Da ist die Rede von moralischem Risiko, moralischer Haltung, moralischen Gr\u00fcnden, moralischem Zwang. Immer wieder nur Moral; es fehlt noch der Schl\u00fcsselbegriff: die moralische Kontrolle. Und die findet ja mittlerweile auch statt.<\/p>\n\n\n\n<p>Zum Thema auch lesenswert das Buch: <strong>\u201eDie Moralapostel. Zerst\u00f6rung eines Exportweltmeisters\u201c<\/strong> (LMV, 248 S., 26 Euro, ISBN 978-3-7844-3715-6). Der Autor Fritz S\u00f6llner erkl\u00e4rt, wie die Moralisierung der Politik Deutschlands Wirtschaft schwer schadet. \u201eWir m\u00fcssen unsere nationalen Interessen verst\u00e4rken\u201c, schreibt S\u00f6llner, \u201edenn die deutschen Moralapostel nehmen keine R\u00fccksicht auf den Schaden, den sie mit ihrer Politik anrichten.\u201c S\u00f6llner fordert die Abkehr vom politischen Moralismus, daf\u00fcr die Hinwendung zu einer interessengeleiteten Realpolitik.<\/p>\n\n\n\n<div style=\"height:100px\" aria-hidden=\"true\" class=\"wp-block-spacer\"><\/div>\n\n\n\n<figure class=\"wp-block-image size-full is-resized\"><img loading=\"lazy\" decoding=\"async\" width=\"1000\" height=\"1000\" src=\"https:\/\/peterhain.info\/wp-content\/uploads\/2026\/02\/Powerwolf-Wildlive-Cover.webp\" alt=\"\" class=\"wp-image-1241\" style=\"width:343px;height:auto\" srcset=\"https:\/\/peterhain.info\/wp-content\/uploads\/2026\/02\/Powerwolf-Wildlive-Cover.webp 1000w, https:\/\/peterhain.info\/wp-content\/uploads\/2026\/02\/Powerwolf-Wildlive-Cover-300x300.webp 300w, https:\/\/peterhain.info\/wp-content\/uploads\/2026\/02\/Powerwolf-Wildlive-Cover-150x150.webp 150w, https:\/\/peterhain.info\/wp-content\/uploads\/2026\/02\/Powerwolf-Wildlive-Cover-768x768.webp 768w, https:\/\/peterhain.info\/wp-content\/uploads\/2026\/02\/Powerwolf-Wildlive-Cover-100x100.webp 100w\" sizes=\"(max-width: 767px) 89vw, (max-width: 1000px) 54vw, (max-width: 1071px) 543px, 580px\" \/><\/figure>\n\n\n\n<p><strong><em>Powerwolf: \u201eWildlive\u201c (Live at Olympiahalle), 2 CDs oder LPs, Napalm Records (Spv), 2026 www.powerwolf.net<\/em><\/strong><\/p>\n\n\n\n<p class=\"has-x-large-font-size\"><strong>Wenn die W\u00f6lfe singen \u2026<\/strong><\/p>\n\n\n\n<p class=\"has-large-font-size\"><strong>Neue Powerwolf-CD \u201eWildlive\u201c<\/strong><\/p>\n\n\n\n<p><strong>Die vierbeinigen W\u00f6lfe, die gef\u00e4hrlich sein sollen, d\u00fcrfen jetzt abgeschossen werden. Doch das Rudel der zweibeinigen Powerw\u00f6lfe ist umso erfolgreicher: \u201eWildlive\u201c hei\u00dft das neue Doppel-Livealbum der Saarbr\u00fccker Metal-Band, aufgezeichnet beim Abschlusskonzert ihrer \u201eWolfsn\u00e4chte-Tour\u201c 2024 in der ausverkauften M\u00fcnchner Olympiahalle.<\/strong><\/p>\n\n\n\n<p>Ein Riesenspektakel: Tolle B\u00fchnenbilder, fantastische Pyro-Technik, brennende Scheiterhaufen, Kirchenorgeln und Klaviere. Die Super-Show auf der B\u00fchne, dazu empfehlenswert das Mediabook (Doppel-CD\/DVD\/Blue-Ray). Das Album mit seinen insgesamt 20 Titeln bietet Klassiker wie \u201eArmy of the Night\u201c, \u201eAmen und Attack\u201c, \u201eArmata Strigoi\u201c oder \u201e1589\u201c mit der historisch verb\u00fcrgten Geschichte von Peter Stump\/Stubbe, der in einem Werwolf-Prozess zum Tode verurteilt wurde.<\/p>\n\n\n\n<p>Der Bauer aus Bedburg soll sich mit Hilfe eines magischen G\u00fcrtels des Teufels in einen Werwolf (germanisch: Wer = Mann) verwandelt haben. Dergestalt soll er Nutztiere gerissen und Kinder ermordet haben. Gegen ihn gab es keine Beweise, doch nach der Folter gestand er alles. Wegen seiner angeblichen Werwolf-Verbrechen (Lykanthropie) wurde Stump\/Stubbe ger\u00e4dert, gek\u00f6pft und sein K\u00f6rper auf dem Scheiterhaufen verbrannt.<\/p>\n\n\n\n<p>Von diesem Drama berichtete die Heavy-Metal-Band <strong>Powerwolf<\/strong> schon in dem Song \u201e1589\u201c in ihrem Studioalbum \u201eWake Up the Wicked\u201c. Ebenfalls auf der neuen CD die Ballade \u201eAlive or Undead\u201c, \u201eSto\u00dfgebet\u201c und \u201eWe Drink Our Blood\u201c. \u201eAuf unserer Wolfsn\u00e4chte-Tournee hatte jede Nacht ihre ganz eigene Magie\u201c, sagt Powerwolf-Frontmann Attila Dorn, \u201etrotzdem wollten wir einen Weg finden, diese Erinnerungen f\u00fcr immer festzuhalten und sie auf diese kraftvollste Art und Weise mit unseren Fans zu teilen.\u201c Ab dem 27. Februar spielen Powerwolf zusammen mit Hammerfall einige Konzerte in Deutschland. Hingehen!<\/p>\n\n\n\n<div style=\"height:100px\" aria-hidden=\"true\" class=\"wp-block-spacer\"><\/div>\n\n\n\n<figure class=\"wp-block-image size-full\"><img loading=\"lazy\" decoding=\"async\" width=\"325\" height=\"413\" src=\"http:\/\/peterhain.info\/wp-content\/uploads\/2022\/02\/Peter-Hain-mit-Wolf-web.jpg\" alt=\"\" class=\"wp-image-683\" srcset=\"https:\/\/peterhain.info\/wp-content\/uploads\/2022\/02\/Peter-Hain-mit-Wolf-web.jpg 325w, https:\/\/peterhain.info\/wp-content\/uploads\/2022\/02\/Peter-Hain-mit-Wolf-web-236x300.jpg 236w\" sizes=\"(max-width: 325px) 100vw, 325px\" \/><\/figure>\n\n\n\n<p><strong>Isegrim-Pl\u00e4doyer: Peter Hain mit Wolf Boris, den er als verwaisten Welpen in einem Tierpark aufp\u00e4ppelte. Er ist F\u00f6rdermitglied der Zoologischen Gesellschaft Frankfurt, gegr\u00fcndet von Bernhard Grzimek (1909 \u2013 1987, \u201eSerengeti darf nicht sterben\u201c<em>). Der Verein unterst\u00fctzt in 50 L\u00e4ndern Tier- und Naturschutzprojekte. Grzimek war ein Wolfsfreund, lebte zeitweise mit dem Wolf Dschingis zusammen, schrieb auch ein Buch dar\u00fcber<\/em><\/strong><\/p>\n\n\n\n<p class=\"has-x-large-font-size\"><strong>Wolfswut<\/strong><\/p>\n\n\n\n<p style=\"font-size:26px\"><strong>Ein deutscher Heimkehrer zum Abschuss freigegeben <\/strong><br><\/p>\n\n\n\n<p>Die Beziehung \u201eWolf und Mensch\u201c ist politisch aufgeladen. Erschreckend, wie sich&nbsp;Parteien und Lobbyverb\u00e4nde gegen die Interessen des Natur- und Artenschutzes aufschwingen. Canus Lupus ist kein Kuscheltier, frisst kein Gras, lebt nicht vegan \u2013 aber er hat seine Daseinsberechtigung im Naturkreislauf. Einst ausgerottet &nbsp;kam er vor 30 Jahren in seine alte deutsche Heimat zur\u00fcck. Vor allem die Wochenzeitung JUNGE FREIHEIT warnte vor einiger Zeit, dass es bei uns angeblich \u00fcber 100.000 W\u00f6lfe g\u00e4be. Lebensgefahr f\u00fcr Mensch und Tiere? Ein Rotk\u00e4ppchen-M\u00e4rchen.<\/p>\n\n\n\n<p>100.000 Eurasische Grauw\u00f6lfe in Deutschland? Beim j\u00fcngsten Wolfsmonitoring wurden bei uns um die 1.700 W\u00f6lfe nachgewiesen, verteilt \u00fcber alle Bundesl\u00e4nder, die meisten davon in Brandenburg. Auch in Niedersachsen werden gr\u00f6\u00dfere Wolfspopulationen gemeldet. Au\u00dferdem gibt es im Elbe-Weser-Dreieck in den Landkreisen Cuxhaven und Stade sogenannte Problemw\u00f6lfe. Betroffene Landwirte fordern, die Beutegreifer zur Jagd freizugeben. Die EU stimmte dem f\u00fcr einzelne Problemtiere jetzt zu. Der &#8222;streng gesch\u00fctzte&#8220; Wolf wurde in &#8222;gesch\u00fctzt&#8220; eingestuft, darf bejagt werden. \u00dcbrigens: Die meisten W\u00f6lfe sterben durch Verkehrsunf\u00e4lle und illegalen Abschuss. K\u00fcrzlich wurden im Landkreis Bautzen (Sachsen) zwei tote W\u00f6lfe mit Schusswunden entdeckt.<\/p>\n\n\n\n<p><strong>Trotzdem werden alte Ressentiments bedient, dass der Wolf eine grausame Bestie sei.  Auf dem Land haben die Menschen angeblich Angst, ihre Kinder rauszulassen. W\u00f6lfe w\u00fcrden durch Gro\u00dfst\u00e4dte stromern, der erste &#8222;Rotk\u00e4ppchen&#8220;-Fall sei nur eine Frage der Zeit. Bisher gibt es keine einzige t\u00f6dliche Wolfsattacke auf Menschen, allerdings h\u00e4ufen sich die Angriffe auf Weidetiere.  Doch wissenschaftliche Untersuchungen ergaben, dass sich die Beutegreifer nur zu 1,6 Prozent von Weidetieren ern\u00e4hren. Immerhin regulieren  W\u00f6lfe den Wildbestand, denn in den W\u00e4ldern gibt es zuviel Rehwild und Wildschweine, die die Vegetation extrem sch\u00e4digen. Die Unf\u00e4lle durch dieses Wild verursachen Millionensch\u00e4den. In Deutschland gibt es 460.771 J\u00e4gerinnen und J\u00e4ger. F\u00fcr viele  eine tolle Sache, so eine Wolfstroph\u00e4e. Und fast alle haben einen Hund: Der Wolf, der Urahn aller Hunde &#8211; jeder Dackel ein Mini-Wolf. Und bei uns leben auch um die  400.000 Schafe.<\/strong><\/p>\n\n\n\n<div style=\"height:50px\" aria-hidden=\"true\" class=\"wp-block-spacer\"><\/div>\n\n\n\n<p class=\"has-large-font-size\"><strong>&#8222;Abschuss ist keine L\u00f6sung!&#8220;<\/strong><\/p>\n\n\n\n<p>In der Politik und der Landwirtschaft ist die Ansicht weit verbreitet, man m\u00fcsse die Anzahl der W\u00f6lfe durch Jagd reduzieren, um Weidetiere zu sch\u00fctzen. &#8222;Das l\u00f6st nicht das Problem, Abschuss ist keine L\u00f6sung&#8220;, meint Axel Gomille, Zoologe, Wolfsfotograf und Autor des Buches &#8222;Deutschlands wilde W\u00f6lfe&#8220;. Alle Studien zu diesem Problem ergaben, dass f\u00fcr die Sch\u00e4den nicht die Zahl der W\u00f6lfe entscheidend war, sondern die Haltungsform der Weidetiere. Wissenschaftlich ist das klar belegt. Danach sollte man sich orientieren.<\/p>\n\n\n\n<div style=\"height:50px\" aria-hidden=\"true\" class=\"wp-block-spacer\"><\/div>\n\n\n\n<p><\/p>\n\n\n\n<p><\/p>\n\n\n\n<div style=\"height:100px\" aria-hidden=\"true\" class=\"wp-block-spacer\"><\/div>\n\n\n\n<p><\/p>\n\n\n\n<div class=\"wp-block-group is-nowrap is-layout-flex wp-container-core-group-is-layout-1 wp-block-group-is-layout-flex\">\n<div style=\"height:100px;width:0px\" aria-hidden=\"true\" class=\"wp-block-spacer wp-container-content-1\"><\/div>\n<\/div>\n\n\n\n<div style=\"height:0px\" aria-hidden=\"true\" class=\"wp-block-spacer\"><\/div>\n\n\n\n<div style=\"height:100px\" aria-hidden=\"true\" class=\"wp-block-spacer\"><\/div>\n\n\n\n<div style=\"height:100px\" aria-hidden=\"true\" class=\"wp-block-spacer\"><\/div>\n\n\n\n<p><\/p>\n\n\n\n<p style=\"font-size:20px\"><\/p>\n\n\n\n<div style=\"height:100px\" aria-hidden=\"true\" class=\"wp-block-spacer\"><\/div>\n\n\n\n<p><\/p>\n\n\n\n<p><\/p>\n\n\n\n<div style=\"height:0px\" aria-hidden=\"true\" class=\"wp-block-spacer\"><\/div>\n\n\n\n<div style=\"height:100px\" aria-hidden=\"true\" class=\"wp-block-spacer\"><\/div>\n\n\n\n<div style=\"height:100px\" aria-hidden=\"true\" class=\"wp-block-spacer\"><\/div>\n\n\n\n<p><\/p>\n\n\n\n<div style=\"height:100px\" aria-hidden=\"true\" class=\"wp-block-spacer\"><\/div>\n\n\n\n<div style=\"height:100px\" aria-hidden=\"true\" class=\"wp-block-spacer\"><\/div>\n\n\n\n<div style=\"height:100px\" aria-hidden=\"true\" class=\"wp-block-spacer\"><\/div>\n\n\n\n<div style=\"height:100px\" aria-hidden=\"true\" class=\"wp-block-spacer\"><\/div>\n\n\n\n<div style=\"height:100px\" aria-hidden=\"true\" class=\"wp-block-spacer\"><\/div>\n\n\n\n<h2 class=\"wp-block-heading\" id=\"einer-der-ersten-grunen-herbert-gruhl-der-umweltschutzermit-grosser-liebe-zu-deutschland\" style=\"font-size:32px\"><\/h2>\n\n\n\n<h2 class=\"wp-block-heading\" id=\"zum-100-geburtstag-seine-bisher-unveroffentlichten-mini-essays\"><\/h2>\n\n\n\n<p><\/p>\n\n\n\n<p><\/p>\n\n\n\n<div style=\"height:100px\" aria-hidden=\"true\" class=\"wp-block-spacer\"><\/div>\n\n\n\n<div style=\"height:100px\" aria-hidden=\"true\" class=\"wp-block-spacer\"><\/div>\n\n\n\n<p style=\"font-size:34px\"><strong><em><br><\/em><\/strong><\/p>\n\n\n\n<p><\/p>\n\n\n\n<p><\/p>\n\n\n\n<p><\/p>\n\n\n\n<p><\/p>\n\n\n\n<p><\/p>\n\n\n\n<p><\/p>\n\n\n\n<p><\/p>\n\n\n\n<p><\/p>\n\n\n\n<p><\/p>\n\n\n\n<p><\/p>\n\n\n\n<div style=\"height:100px\" aria-hidden=\"true\" class=\"wp-block-spacer\"><\/div>\n\n\n\n<div style=\"height:100px\" aria-hidden=\"true\" class=\"wp-block-spacer\"><\/div>\n\n\n\n<div style=\"height:100px\" aria-hidden=\"true\" class=\"wp-block-spacer\"><\/div>\n\n\n\n<p><\/p>\n\n\n\n<div style=\"height:100px\" aria-hidden=\"true\" class=\"wp-block-spacer\"><\/div>\n","protected":false},"excerpt":{"rendered":"<p>F\u00fcr alle, die vorangehen.Und die, die sich was trauen. Motto der JUNGEN FREIHEIT, Wochenzeitung f\u00fcr Debatte (jungefreiheit.de) Sommerwind von Mundmaler Roberto Zomero. Mund- und Fu\u00dfmalende K\u00fcnstler Verlag mfk-verlag.de Farbspiel Rot ist die Liebe, bunt die Hoffnung,blau der Himmel und gr\u00fcn der Wald.Weiss ist die Unschuld, gelb ist der Neid,schwarz die Justiz undnachts die Katzen sind &hellip; <\/p>\n<p class=\"link-more\"><a href=\"https:\/\/peterhain.info\/?p=109\" class=\"more-link\"><span class=\"screen-reader-text\">\u201e\u201c<\/span> weiterlesen<\/a><\/p>\n","protected":false},"author":1,"featured_media":0,"comment_status":"closed","ping_status":"open","sticky":true,"template":"","format":"standard","meta":{"footnotes":""},"categories":[14],"tags":[],"class_list":["post-109","post","type-post","status-publish","format-standard","hentry","category-aktuell"],"_links":{"self":[{"href":"https:\/\/peterhain.info\/index.php?rest_route=\/wp\/v2\/posts\/109"}],"collection":[{"href":"https:\/\/peterhain.info\/index.php?rest_route=\/wp\/v2\/posts"}],"about":[{"href":"https:\/\/peterhain.info\/index.php?rest_route=\/wp\/v2\/types\/post"}],"author":[{"embeddable":true,"href":"https:\/\/peterhain.info\/index.php?rest_route=\/wp\/v2\/users\/1"}],"replies":[{"embeddable":true,"href":"https:\/\/peterhain.info\/index.php?rest_route=%2Fwp%2Fv2%2Fcomments&post=109"}],"version-history":[{"count":457,"href":"https:\/\/peterhain.info\/index.php?rest_route=\/wp\/v2\/posts\/109\/revisions"}],"predecessor-version":[{"id":1253,"href":"https:\/\/peterhain.info\/index.php?rest_route=\/wp\/v2\/posts\/109\/revisions\/1253"}],"wp:attachment":[{"href":"https:\/\/peterhain.info\/index.php?rest_route=%2Fwp%2Fv2%2Fmedia&parent=109"}],"wp:term":[{"taxonomy":"category","embeddable":true,"href":"https:\/\/peterhain.info\/index.php?rest_route=%2Fwp%2Fv2%2Fcategories&post=109"},{"taxonomy":"post_tag","embeddable":true,"href":"https:\/\/peterhain.info\/index.php?rest_route=%2Fwp%2Fv2%2Ftags&post=109"}],"curies":[{"name":"wp","href":"https:\/\/api.w.org\/{rel}","templated":true}]}}